{"id":820,"date":"2021-04-21T21:07:35","date_gmt":"2021-04-21T19:07:35","guid":{"rendered":"https:\/\/famillecolibri.com\/?p=820"},"modified":"2021-04-22T03:07:31","modified_gmt":"2021-04-22T01:07:31","slug":"pour-la-famille-colibri-cest-parti","status":"publish","type":"post","link":"https:\/\/famillecolibri.com\/index.php\/2021\/04\/21\/pour-la-famille-colibri-cest-parti\/","title":{"rendered":"Pour la famille colibri, c&rsquo;est parti!"},"content":{"rendered":"\n<div class=\"wp-block-image\"><figure class=\"aligncenter size-large is-resized\"><img loading=\"lazy\" decoding=\"async\" src=\"https:\/\/famillecolibri.com\/wp-content\/uploads\/2021\/04\/DSCN0382-1-scaled.jpg\" alt=\"\" class=\"wp-image-827\" width=\"387\" height=\"290\" srcset=\"https:\/\/famillecolibri.com\/wp-content\/uploads\/2021\/04\/DSCN0382-1-scaled.jpg 2560w, https:\/\/famillecolibri.com\/wp-content\/uploads\/2021\/04\/DSCN0382-1-300x225.jpg 300w\" sizes=\"auto, (max-width: 387px) 100vw, 387px\" \/><\/figure><\/div>\n\n\n\n<p class=\"has-large-font-size\">Bonjour \u00e0 tous,<\/p>\n\n\n\n<p class=\"has-large-font-size\"> bienvenue sur le blog de la famille colibri qui vous permettra de suivre les aventures (les bons coups et les moins bons) de Sylvie, \u00c9lo\u00efse, Ella, L\u00e9o et \u00c9vra. <\/p>\n\n\n\n<p>Aujourd&rsquo;hui, nous sommes \u00e0 J-1 mois avant le grand d\u00e9part dans le projet que nous pr\u00e9parons depuis bient\u00f4t 5 ans : nous quittons Halifax (Nouvelle-\u00c9cosse, Canada) pour la Cantabrie espagnole.<\/p>\n\n\n\n<p>Apr\u00e8s environ de 15 ann\u00e9es de rencontres uniques, de sourires partag\u00e9s, de for\u00eats aux couleurs magiques, de geais bleus photographi\u00e9s et d&rsquo;\u00e9cureuils accueillis dans notre jardin, le temps est venu d&rsquo;aller voir si l&rsquo;hiver est moins rude ailleurs et de d\u00e9guster les tomates de notre potager toute l&rsquo;ann\u00e9e (ou presque!).<\/p>\n\n\n\n<p>Nous sommes deux mamans (Sylvie et \u00c9lo\u00efse), deux petits loups (Ella et L\u00e9o)  et une chatte calicot. Pour mieux nous conna\u00eetre <a href=\"https:\/\/famillecolibri.com\/index.php\/notre-presentation\/\" title=\"https:\/\/famillecolibri.com\/index.php\/notre-presentation\/\">cliquez ici<\/a> .<\/p>\n\n\n\n<p>Nous sommes une famille de  cr\u00e9atifs, curieux, bricoleurs, et, souvent motiv\u00e9s par le besoin de combler un manque, nous avons acquis de multiples savoir-faire au cours des dix derni\u00e8res ann\u00e9es : de la cr\u00e9ation et construction de cabane de jardin, de sofa-lit, \u00e0 la poterie en passant par la permaculture, la confection de sacs et objets en cuir ou de produits m\u00e9nagers maison. <\/p>\n\n\n\n<p>Sur ce blog, vous pourrez retrouver r\u00e9guli\u00e8rement nos conseils (nos r\u00e9ussites, nos \u00e9checs), nos recettes, nos lectures, et bien d&rsquo;autres informations qui pourraient vous \u00eatre utiles.<\/p>\n\n\n\n<p>Malgr\u00e9 notre d\u00e9part du Canada, nous sommes reconnaissants de la chance qui nous a \u00e9t\u00e9 donn\u00e9e d&rsquo;apprendre et de vivre au quotidien la solidarit\u00e9 et la bienveillance. Aujourd&rsquo;hui, nous savons que c&rsquo;est en partageant que nous grandissons tous et chacun, voil\u00e0 l&rsquo;objectif de ce blog : <a href=\"https:\/\/famillecolibri.com\/index.php\/pourquoi-famille-colibri\/\">FAIRE NOTRE PART<\/a>.<\/p>\n\n\n\n<figure class=\"wp-block-image size-large is-resized\"><img loading=\"lazy\" decoding=\"async\" src=\"https:\/\/famillecolibri.com\/wp-content\/uploads\/2021\/04\/cropped-cropped-20210420_172234-scaled-2-1024x333.jpg\" alt=\"\" class=\"wp-image-837\" width=\"606\" height=\"241\"\/><figcaption>Tour de l&rsquo;horloge de la Citadelle d&rsquo;Halifax<\/figcaption><\/figure>\n\n\n\n<p><\/p>\n","protected":false},"excerpt":{"rendered":"<p>Bonjour \u00e0 tous, bienvenue sur le blog de la famille colibri qui vous permettra de suivre les aventures (les bons coups et les moins bons) de Sylvie, \u00c9lo\u00efse, Ella, L\u00e9o et \u00c9vra. Aujourd&rsquo;hui, nous sommes \u00e0 J-1 mois avant le grand d\u00e9part dans le projet que nous pr\u00e9parons depuis bient\u00f4t 5 ans : nous quittons [&hellip;]<\/p>\n","protected":false},"author":2,"featured_media":0,"comment_status":"open","ping_status":"open","sticky":true,"template":"","format":"standard","meta":{"om_disable_all_campaigns":false,"_monsterinsights_skip_tracking":false,"_monsterinsights_sitenote_active":false,"_monsterinsights_sitenote_note":"","_monsterinsights_sitenote_category":0,"footnotes":""},"categories":[17],"tags":[],"class_list":["post-820","post","type-post","status-publish","format-standard","hentry","category-blog","post-preview"],"_links":{"self":[{"href":"https:\/\/famillecolibri.com\/index.php\/wp-json\/wp\/v2\/posts\/820","targetHints":{"allow":["GET"]}}],"collection":[{"href":"https:\/\/famillecolibri.com\/index.php\/wp-json\/wp\/v2\/posts"}],"about":[{"href":"https:\/\/famillecolibri.com\/index.php\/wp-json\/wp\/v2\/types\/post"}],"author":[{"embeddable":true,"href":"https:\/\/famillecolibri.com\/index.php\/wp-json\/wp\/v2\/users\/2"}],"replies":[{"embeddable":true,"href":"https:\/\/famillecolibri.com\/index.php\/wp-json\/wp\/v2\/comments?post=820"}],"version-history":[{"count":10,"href":"https:\/\/famillecolibri.com\/index.php\/wp-json\/wp\/v2\/posts\/820\/revisions"}],"predecessor-version":[{"id":903,"href":"https:\/\/famillecolibri.com\/index.php\/wp-json\/wp\/v2\/posts\/820\/revisions\/903"}],"wp:attachment":[{"href":"https:\/\/famillecolibri.com\/index.php\/wp-json\/wp\/v2\/media?parent=820"}],"wp:term":[{"taxonomy":"category","embeddable":true,"href":"https:\/\/famillecolibri.com\/index.php\/wp-json\/wp\/v2\/categories?post=820"},{"taxonomy":"post_tag","embeddable":true,"href":"https:\/\/famillecolibri.com\/index.php\/wp-json\/wp\/v2\/tags?post=820"}],"curies":[{"name":"wp","href":"https:\/\/api.w.org\/{rel}","templated":true}]}}